{"id":5184,"date":"2025-08-14T11:57:00","date_gmt":"2025-08-14T09:57:00","guid":{"rendered":"https:\/\/complicated.life\/blog\/?p=5184"},"modified":"2025-08-14T10:19:45","modified_gmt":"2025-08-14T08:19:45","slug":"macht-und-kraft-der-gedanken","status":"publish","type":"post","link":"https:\/\/complicated.life\/blog\/de\/macht-und-kraft-der-gedanken\/","title":{"rendered":"Macht und Kraft der Gedanken"},"content":{"rendered":"\n<p>Wie sich Gedanken auf unsere Gef\u00fchle, unser Verhalten und unsere Lebensenergie auswirken.<\/p>\n\n\n\n<h2 class=\"wp-block-heading\"><strong>Warum f\u00fchle ich, was ich f\u00fchle?<\/strong><\/h2>\n\n\n\n<p>Manchmal ist man einfach mies drauf. Wenn wir Gl\u00fcck haben, identifizieren wir zumindest einen mehr oder weniger eindeutigen Grund f\u00fcr die im Keller befindliche Laune, und der \u201eAha\u201c Effekt der Erkenntnis ist der halbe Weg zur\u00fcck in eine g\u00fcnstigere Befindlichkeit.<\/p>\n\n\n\n<p>Da gibt es aber auch die Tiefs, die aus dem Nichts zu kommen scheinen. Sie wabern diffus durch uns hindurch und man k\u00f6nnte sich die Haare raufen, weil sich der kausale Zusammenhang zwischen Ursache und Stimmungslage einfach nicht herstellen l\u00e4sst. Und gleichzeitig wollen wir den Blues dringender absch\u00fctteln als den hartn\u00e4ckigsten n\u00e4chtlichen Wadenkrampf.<\/p>\n\n\n\n<p>Die Herabgestimmtheit kann als akutes Ph\u00e4nomen sein Unwesen treiben, aber auch ein \u00fcberdauerndes Konzept im Sinne einer Chronifizierung sein. Und der sogenannte Symptomstress, der den desolaten Zustand auch noch anklagt und damit verst\u00e4rkt, erledigt den Rest.<\/p>\n\n\n\n<p>Und ehe man sich versieht, ist ein Teufelskreis aktiviert, der ein regelrechtes Perpetuum-Mobile-Potential hat. &nbsp;<\/p>\n\n\n\n<p><\/p>\n\n\n\n<h2 class=\"wp-block-heading\"><strong>Was sagen die Profis? Es kommt drauf an!<\/strong><\/h2>\n\n\n\n<p>Es wird Zeit, die Psychologie auf den Plan zu rufen. Methoden gibt es wie Sand am Meer und alle bringen ihre ganz eigene Faszination mit sich. So arbeiten zum Beispiel die analytischen, tiefenpsychologischen Ans\u00e4tze prim\u00e4r biografisch und suchen den jeweiligen Lebensweg nach Gr\u00fcnden ab.<\/p>\n\n\n\n<p>Frei nach dem Motto: Ursache erkannt, Kummer gebannt &#8211; ganz \u00fcberspitzt gesagt.<\/p>\n\n\n\n<p>Das wiederum sieht die Verhaltenstherapie eher skeptisch, weil sich die EINE Ursache (wenn \u00fcberhaupt) oft nur mit hohem Zeitaufwand ausfindig machen l\u00e4sst und man bis zum gro\u00dfen Durchbruch weiterhin mit der eigenen Unp\u00e4sslichkeit zu Rande kommen muss.<br><br>Da nimmt man doch lieber den pragmatischen Weg \u00fcber therapeutisch angeleitete Rollenspiele, \u00dcbungen und Hausaufgaben, um im Hier und Jetzt interaktionstauglicher zu werden. Und das wiederum hebt z\u00fcgig die Laune &#8211; wieder \u00fcberspitzt gesagt.<\/p>\n\n\n\n<p>Unn\u00f6tig zu sagen, dass manche Vertreter des urs\u00e4chlichen Arbeitens diese Herangehensweise als oberfl\u00e4chliche Verputzarbeiten bewerten, die \u201ein der Tiefe\u201c wenig ausrichten.<\/p>\n\n\n\n<h2 class=\"wp-block-heading\"><strong>Der Charme der Verhaltenstherapie<\/strong><\/h2>\n\n\n\n<p>Bleiben wir trotzdem noch einen Moment bei der Verhaltenstherapie und schauen uns deren Entwicklung an.<br><br>Erweitert um die Macht der Gedanken sagen die Kognitive Therapie<a href=\"https:\/\/de.wikipedia.org\/wiki\/Aaron_T._Beck\" target=\"_blank\"> (Aaron Beck)<\/a> und die rational-emotive Therapie<a href=\"https:\/\/de.wikipedia.org\/wiki\/Rational-Emotive_Verhaltenstherapie\" target=\"_blank\"> (Albert Ellis)<\/a> mit wenigen Abweichungen voneinander, dass es die dysfunktionalen respektive irrationalen Gedanken sind, die unsere Stimmung ausgestalten, und nicht umgekehrt.<\/p>\n\n\n\n<p><strong>Also nicht: &nbsp; &nbsp; <\/strong><strong><\/strong><strong>schlechte Stimmung =&gt; schlechte Gedanken<\/strong><strong><br><\/strong><strong><br><\/strong><strong> sondern:&nbsp; &nbsp; &nbsp; &nbsp; <\/strong><strong><\/strong><strong>ung\u00fcnstige Gedanken =&gt; ungute Stimmung<\/strong><\/p>\n\n\n\n<p>Wow! Da lohnt sich das n\u00e4here Hinsehen.<\/p>\n\n\n\n<h2 class=\"wp-block-heading\"><strong>Was sagt uns unser Kopf?<\/strong><\/h2>\n\n\n\n<p>Sind uns unsere eigenen Gedanken, Glaubenss\u00e4tze und \u00dcberzeugungen und deren Auswirkungen auf unsere Gef\u00fchlslage eigentlich \u00fcberhaupt bewusst? Wie denken wir, und vor allem was &#8211; \u00fcber uns selbst, \u00fcber andere, \u00fcber die Welt und die Zukunft?<\/p>\n\n\n\n<p>K\u00f6nntest Du Dir vorstellen, dass ein kognitives Konstrukt wie \u201eIch-bin-wertlos &#8211; alternativ -ein-h\u00e4sslicher -Vogel-und-niemand-kann-mich-leiden, weder-heute-noch-sonst-irgendwann\u201c sich m\u00f6glicherweise hinderlich auf die Lebenslust auswirkt?<\/p>\n\n\n\n<p>Ich wollte, ich k\u00f6nnte sagen, dieses Beispiel sei ma\u00dflos \u00fcbertrieben.<\/p>\n\n\n\n<p>Im Umkehrschluss ist naheliegend, dass ein wohlwollender innerer Dialog und liebevolle und nachsichtige Gedanken \u00fcber die eigene Person die Stimmung positiv beeinflussen.<\/p>\n\n\n\n<p>Nat\u00fcrlich braucht das \u201cGute Gedanken Denken\u201d ein wenig Geduld und Routine, vor allem dann, wenn man schon lange sein gr\u00f6\u00dfter Kritiker war.<\/p>\n\n\n\n<p>Und auch Authentizit\u00e4t tut not. \u00dcberzogene Komplimente an den eigenen inneren Sonnenk\u00f6nig entlarvt die Psyche als unrealistische Gr\u00f6\u00dfenfantasien und eine nachhaltige Stimmungsaufhellung bleibt aus. Von WEGEN \u201eder Staat bin ich\u201c (Ludwig XIV)! <\/p>\n\n\n\n<h2 class=\"wp-block-heading\"><strong>Was stimmt nun?<\/strong><\/h2>\n\n\n\n<p>Wie f\u00e4ngt man also an mit dem, was oft salopp als positives Denken bezeichnet wird? Als allererster Schritt gen\u00fcgt eine Verifizierung dessen, was einem so an Ungutem durch den Kopf geistert.<\/p>\n\n\n\n<p>Frage Deine Dich traktierenden Gedanken doch ab jetzt mal: stimmt das, was ich denke? Und gibt es Beweise? Warum glaube ich beispielsweise, dass mein Nachbar mich nicht leiden kann? Welche Belege gibt es?<\/p>\n\n\n\n<p>Da wirst Du schnell merken, in welche Beweisnot Du kommst, au\u00dfer, der Nachbar hat Dir bereits expressis verbis bekundet, wie dick er dich hat. Ansonsten gilt: Was Du vielleicht als Abneigung gegen Dich selbst bewertest, kann viel mehr mit der anderen Person zu tun haben als mit Dir.<\/p>\n\n\n\n<p>Vielleicht findet sich Dein Nachbar gerade selbst unzul\u00e4nglich und wirkt entsprechend grimmig.<br><\/p>\n\n\n\n<h2 class=\"wp-block-heading\"><strong>Apropos Nachbar<\/strong><\/h2>\n\n\n\n<p>Die ausschlie\u00dflich im Selbstgespr\u00e4ch produzierten und wild davon galoppierenden irrationalen Gedanken hat der Kommunikationstheoretiker Paul Watzlawick auf k\u00f6stlichste Art und Weise ad absurdum gef\u00fchrt.<\/p>\n\n\n\n<p>In seinem Buch<a href=\"https:\/\/de.wikipedia.org\/wiki\/Anleitung_zum_Ungl%C3%BCcklichsein\" target=\"_blank\"> \u201eAnleitung zum Ungl\u00fccklichsein\u201c<\/a> beschreibt er unter anderem einen pathologischen Gr\u00fcbler, der in seiner Wohnung ein Bild aufh\u00e4ngen will, wobei ihm das entscheidende Werkzeug in Form eines Hammers fehlt. Naheliegenderweise erw\u00e4gt er, sich das Utensil von seinem Nachbarn auszuleihen.<br><br>Was dann kommt, ist legend\u00e4r. Zun\u00e4chst redet er sich sein Vorhaben sukzessive wieder aus mit der haltlosen und ausschlie\u00dflich inwendig konstruierten Begr\u00fcndung, sein Nachbar w\u00fcrde ihm den Hammer ohnehin verweigern, weil dieser ihn nicht leiden k\u00f6nne.<\/p>\n\n\n\n<p>Aber damit nicht genug: seine Gedanken treiben ihn am Ende wutentbrannt nach nebenan, um den v\u00f6llig Ahnungslosen aus dessen Wohnung zu klingeln und ihm einleitungslos entgegenzubr\u00fcllen, er k\u00f6nne seinen Hammer behalten.<\/p>\n\n\n\n<p>Eine Hammer-Geschichte, die Geschichte mit dem Hammer. Und bis heute immer gern wiederaufgelegt in Kommunikationsworkshops und innerbetrieblichen Teambuilding-Ma\u00dfnahmen.<\/p>\n\n\n\n<p><br>H\u00e4tte Watzlawicks ungl\u00fcckseliger Protagonist nur einmal ernsthaft seine Gedanken hinterfragt, w\u00e4re er ziemlich sicher freudvoller durch seinen Tag gekommen \u2013 mit einem Bild an der Wand, und einem Nachbarn, der nicht notwendigerweise h\u00e4tte schlussfolgern m\u00fcssen, er lebe T\u00fcr an T\u00fcr mit einem Verhaltensauff\u00e4lligen.<\/p>\n\n\n\n<h2 class=\"wp-block-heading\"><strong>Gedanken k\u00f6nnen sich irre<\/strong><\/h2>\n\n\n\n<p>Einmal auf die Berechtigung hin \u00fcberpr\u00fcft, haben negative Gedanken, die der inneren Diskussion nicht standhalten, die Tendenz, sich zu neutralisieren. Und damit verhilft einem ein optimiertes inneres Zwiegespr\u00e4ch zu einem Gef\u00fchl, das sich leichter, freier und idealerweise froher anf\u00fchlt.<\/p>\n\n\n\n<p>Du siehst nun: wie und was wir denken, hat viel damit zu tun, wie wir uns f\u00fchlen. Nat\u00fcrlich gibt es auch pathologische Formen, die eine therapeutische oder sogar medikament\u00f6se Begleitung erfordern.<\/p>\n\n\n\n<p>Was ich hier meine, ist eher das Hausgemachte und die sich selbst erf\u00fcllende Prophezeiung, die fast immer im Kopf startet und mit einem unguten Gef\u00fchl endet.<\/p>\n\n\n\n<p>Viel besser als ich, hat das der englische Schriftsteller Charles Reade zum Ausdruck gebracht, und so m\u00f6chte ich ihn am Ende unbedingt noch zu Wort kommen lassen.<\/p>\n\n\n\n<p>Herzlichen Dank f\u00fcr Deine Zeit!<\/p>\n\n\n\n<blockquote class=\"wp-block-quote is-layout-flow wp-block-quote-is-layout-flow\">\n<p>Achte auf Deine Gedanken, denn sie werden Worte.<br>Achte auf Deine Worte, denn sie werden Handlungen.<br>Achte auf Deine Handlungen, denn sie werden Gewohnheiten.<br>Achte auf Deine Gewohnheiten, denn sie werden Dein Charakter.<br>Achte auf Deinen Charakter, denn er wird Dein Schicksal.<\/p>\n<cite>\u2013 <a href=\"https:\/\/www.aphorismen.de\/autoren\/person\/10760\/Charles+Reade\" target=\"_blank\">Charles Reade<\/a> (1814 &#8211; 1884), englischer Schriftsteller<\/cite><\/blockquote>\n\n\n\n<div class=\"wp-block-group\"><div class=\"wp-block-group__inner-container is-layout-constrained wp-block-group-is-layout-constrained\">\n<hr class=\"wp-block-separator has-alpha-channel-opacity\"\/>\n\n\n\n<div class=\"itscomplicated-calendar\" style=\"width:100%;min-width:310px;max-width:1023px\"><\/div> <script type=\"text\/javascript\" src=\"https:\/\/complicated.life\/embed\/calendar\/heilpraktiker-for-psychotherapie-catrin-salberg-keller\/p.js\"><\/script>\n<\/div><\/div>\n","protected":false},"excerpt":{"rendered":"Wie sich Gedanken auf unsere Gef\u00fchle, unser Verhalten und unsere Lebensenergie auswirken. Warum f\u00fchle ich, was ich f\u00fchle?&hellip;\n","protected":false},"author":96,"featured_media":5186,"comment_status":"closed","ping_status":"closed","sticky":false,"template":"","format":"standard","meta":{"footnotes":""},"categories":[567,646],"tags":[574,573],"class_list":{"0":"post-5184","1":"post","2":"type-post","3":"status-publish","4":"format-standard","5":"has-post-thumbnail","7":"category-fur-alle","8":"category-therapieansatze-und-methoden","9":"tag-depression-de","10":"tag-psychotherapie"},"yoast_head":"<!-- This site is optimized with the Yoast SEO plugin v27.5 - https:\/\/yoast.com\/product\/yoast-seo-wordpress\/ -->\n<title>Macht und Kraft der Gedanken - It&#039;s Complicated<\/title>\n<meta name=\"description\" content=\"Wie sich Gedanken auf unsere Gef\u00fchle, unser Verhalten und unsere Lebensenergie auswirken.\" \/>\n<meta name=\"robots\" content=\"index, follow, max-snippet:-1, max-image-preview:large, max-video-preview:-1\" \/>\n<link rel=\"canonical\" href=\"https:\/\/complicated.life\/blog\/de\/macht-und-kraft-der-gedanken\/\" \/>\n<meta property=\"og:locale\" content=\"de_DE\" \/>\n<meta property=\"og:type\" content=\"article\" \/>\n<meta property=\"og:title\" content=\"Macht und Kraft der Gedanken - It&#039;s Complicated\" \/>\n<meta property=\"og:description\" content=\"Wie sich Gedanken auf unsere Gef\u00fchle, unser Verhalten und unsere Lebensenergie auswirken.\" \/>\n<meta property=\"og:url\" content=\"https:\/\/complicated.life\/blog\/de\/macht-und-kraft-der-gedanken\/\" \/>\n<meta property=\"og:site_name\" content=\"It&#039;s Complicated\" \/>\n<meta property=\"article:published_time\" content=\"2025-08-14T09:57:00+00:00\" \/>\n<meta property=\"og:image\" content=\"https:\/\/complicated.life\/blog\/wp-content\/uploads\/2025\/08\/woman-journaling-by-the-window-in-natural-light.jpg\" \/>\n\t<meta property=\"og:image:width\" content=\"1280\" \/>\n\t<meta property=\"og:image:height\" content=\"853\" \/>\n\t<meta property=\"og:image:type\" content=\"image\/jpeg\" \/>\n<meta name=\"author\" content=\"Catrin Salberg-Keller\" \/>\n<meta name=\"twitter:card\" content=\"summary_large_image\" \/>\n<meta name=\"twitter:label1\" content=\"Verfasst von\" \/>\n\t<meta name=\"twitter:data1\" content=\"Catrin Salberg-Keller\" \/>\n\t<meta name=\"twitter:label2\" content=\"Gesch\u00e4tzte Lesezeit\" \/>\n\t<meta name=\"twitter:data2\" content=\"5\u00a0Minuten\" \/>\n<script type=\"application\/ld+json\" class=\"yoast-schema-graph\">{\"@context\":\"https:\\\/\\\/schema.org\",\"@graph\":[{\"@type\":\"Article\",\"@id\":\"https:\\\/\\\/complicated.life\\\/blog\\\/de\\\/macht-und-kraft-der-gedanken\\\/#article\",\"isPartOf\":{\"@id\":\"https:\\\/\\\/complicated.life\\\/blog\\\/de\\\/macht-und-kraft-der-gedanken\\\/\"},\"author\":{\"name\":\"Catrin Salberg-Keller\",\"@id\":\"https:\\\/\\\/complicated.life\\\/blog\\\/de\\\/#\\\/schema\\\/person\\\/71639a1b70c9746b5b5f1c18b93c075e\"},\"headline\":\"Macht und Kraft der Gedanken\",\"datePublished\":\"2025-08-14T09:57:00+00:00\",\"mainEntityOfPage\":{\"@id\":\"https:\\\/\\\/complicated.life\\\/blog\\\/de\\\/macht-und-kraft-der-gedanken\\\/\"},\"wordCount\":1134,\"publisher\":{\"@id\":\"https:\\\/\\\/complicated.life\\\/blog\\\/de\\\/#organization\"},\"image\":{\"@id\":\"https:\\\/\\\/complicated.life\\\/blog\\\/de\\\/macht-und-kraft-der-gedanken\\\/#primaryimage\"},\"thumbnailUrl\":\"https:\\\/\\\/complicated.life\\\/blog\\\/wp-content\\\/uploads\\\/2025\\\/08\\\/woman-journaling-by-the-window-in-natural-light.jpg\",\"keywords\":[\"Depression\",\"Psychotherapie\"],\"articleSection\":[\"F\u00fcr alle\",\"Therapieans\u00e4tze und Methoden\"],\"inLanguage\":\"de\"},{\"@type\":\"WebPage\",\"@id\":\"https:\\\/\\\/complicated.life\\\/blog\\\/de\\\/macht-und-kraft-der-gedanken\\\/\",\"url\":\"https:\\\/\\\/complicated.life\\\/blog\\\/de\\\/macht-und-kraft-der-gedanken\\\/\",\"name\":\"Macht und Kraft der Gedanken - It&#039;s Complicated\",\"isPartOf\":{\"@id\":\"https:\\\/\\\/complicated.life\\\/blog\\\/de\\\/#website\"},\"primaryImageOfPage\":{\"@id\":\"https:\\\/\\\/complicated.life\\\/blog\\\/de\\\/macht-und-kraft-der-gedanken\\\/#primaryimage\"},\"image\":{\"@id\":\"https:\\\/\\\/complicated.life\\\/blog\\\/de\\\/macht-und-kraft-der-gedanken\\\/#primaryimage\"},\"thumbnailUrl\":\"https:\\\/\\\/complicated.life\\\/blog\\\/wp-content\\\/uploads\\\/2025\\\/08\\\/woman-journaling-by-the-window-in-natural-light.jpg\",\"datePublished\":\"2025-08-14T09:57:00+00:00\",\"description\":\"Wie sich Gedanken auf unsere Gef\u00fchle, unser Verhalten und unsere Lebensenergie auswirken.\",\"breadcrumb\":{\"@id\":\"https:\\\/\\\/complicated.life\\\/blog\\\/de\\\/macht-und-kraft-der-gedanken\\\/#breadcrumb\"},\"inLanguage\":\"de\",\"potentialAction\":[{\"@type\":\"ReadAction\",\"target\":[\"https:\\\/\\\/complicated.life\\\/blog\\\/de\\\/macht-und-kraft-der-gedanken\\\/\"]}]},{\"@type\":\"ImageObject\",\"inLanguage\":\"de\",\"@id\":\"https:\\\/\\\/complicated.life\\\/blog\\\/de\\\/macht-und-kraft-der-gedanken\\\/#primaryimage\",\"url\":\"https:\\\/\\\/complicated.life\\\/blog\\\/wp-content\\\/uploads\\\/2025\\\/08\\\/woman-journaling-by-the-window-in-natural-light.jpg\",\"contentUrl\":\"https:\\\/\\\/complicated.life\\\/blog\\\/wp-content\\\/uploads\\\/2025\\\/08\\\/woman-journaling-by-the-window-in-natural-light.jpg\",\"width\":1280,\"height\":853,\"caption\":\"Woman Journaling by the Window in Natural Light\"},{\"@type\":\"BreadcrumbList\",\"@id\":\"https:\\\/\\\/complicated.life\\\/blog\\\/de\\\/macht-und-kraft-der-gedanken\\\/#breadcrumb\",\"itemListElement\":[{\"@type\":\"ListItem\",\"position\":1,\"name\":\"Home\",\"item\":\"https:\\\/\\\/complicated.life\\\/blog\\\/de\\\/\"},{\"@type\":\"ListItem\",\"position\":2,\"name\":\"Macht und Kraft der Gedanken\"}]},{\"@type\":\"WebSite\",\"@id\":\"https:\\\/\\\/complicated.life\\\/blog\\\/de\\\/#website\",\"url\":\"https:\\\/\\\/complicated.life\\\/blog\\\/de\\\/\",\"name\":\"It's Complicated\",\"description\":\"Life is complicated. Finding a therapist shouldn&#039;t be.\",\"publisher\":{\"@id\":\"https:\\\/\\\/complicated.life\\\/blog\\\/de\\\/#organization\"},\"potentialAction\":[{\"@type\":\"SearchAction\",\"target\":{\"@type\":\"EntryPoint\",\"urlTemplate\":\"https:\\\/\\\/complicated.life\\\/blog\\\/de\\\/?s={search_term_string}\"},\"query-input\":{\"@type\":\"PropertyValueSpecification\",\"valueRequired\":true,\"valueName\":\"search_term_string\"}}],\"inLanguage\":\"de\"},{\"@type\":\"Organization\",\"@id\":\"https:\\\/\\\/complicated.life\\\/blog\\\/de\\\/#organization\",\"name\":\"It's Complicated\",\"url\":\"https:\\\/\\\/complicated.life\\\/blog\\\/de\\\/\",\"logo\":{\"@type\":\"ImageObject\",\"inLanguage\":\"de\",\"@id\":\"https:\\\/\\\/complicated.life\\\/blog\\\/de\\\/#\\\/schema\\\/logo\\\/image\\\/\",\"url\":\"https:\\\/\\\/complicated.life\\\/blog\\\/wp-content\\\/uploads\\\/2023\\\/09\\\/tilted_d_square_green.png\",\"contentUrl\":\"https:\\\/\\\/complicated.life\\\/blog\\\/wp-content\\\/uploads\\\/2023\\\/09\\\/tilted_d_square_green.png\",\"width\":500,\"height\":500,\"caption\":\"It's Complicated\"},\"image\":{\"@id\":\"https:\\\/\\\/complicated.life\\\/blog\\\/de\\\/#\\\/schema\\\/logo\\\/image\\\/\"},\"sameAs\":[\"https:\\\/\\\/www.instagram.com\\\/complicated___life\\\/\",\"https:\\\/\\\/www.linkedin.com\\\/company\\\/its-complicated\"]},{\"@type\":\"Person\",\"@id\":\"https:\\\/\\\/complicated.life\\\/blog\\\/de\\\/#\\\/schema\\\/person\\\/71639a1b70c9746b5b5f1c18b93c075e\",\"name\":\"Catrin Salberg-Keller\",\"sameAs\":[\"https:\\\/\\\/tinyurl.com\\\/sw349ccp\"],\"url\":\"https:\\\/\\\/complicated.life\\\/blog\\\/de\\\/author\\\/catrin-salberg-keller\\\/\"}]}<\/script>\n<!-- \/ Yoast SEO plugin. -->","yoast_head_json":{"title":"Macht und Kraft der Gedanken - It&#039;s Complicated","description":"Wie sich Gedanken auf unsere Gef\u00fchle, unser Verhalten und unsere Lebensenergie auswirken.","robots":{"index":"index","follow":"follow","max-snippet":"max-snippet:-1","max-image-preview":"max-image-preview:large","max-video-preview":"max-video-preview:-1"},"canonical":"https:\/\/complicated.life\/blog\/de\/macht-und-kraft-der-gedanken\/","og_locale":"de_DE","og_type":"article","og_title":"Macht und Kraft der Gedanken - It&#039;s Complicated","og_description":"Wie sich Gedanken auf unsere Gef\u00fchle, unser Verhalten und unsere Lebensenergie auswirken.","og_url":"https:\/\/complicated.life\/blog\/de\/macht-und-kraft-der-gedanken\/","og_site_name":"It&#039;s Complicated","article_published_time":"2025-08-14T09:57:00+00:00","og_image":[{"width":1280,"height":853,"url":"https:\/\/complicated.life\/blog\/wp-content\/uploads\/2025\/08\/woman-journaling-by-the-window-in-natural-light.jpg","type":"image\/jpeg"}],"author":"Catrin Salberg-Keller","twitter_card":"summary_large_image","twitter_misc":{"Verfasst von":"Catrin Salberg-Keller","Gesch\u00e4tzte Lesezeit":"5\u00a0Minuten"},"schema":{"@context":"https:\/\/schema.org","@graph":[{"@type":"Article","@id":"https:\/\/complicated.life\/blog\/de\/macht-und-kraft-der-gedanken\/#article","isPartOf":{"@id":"https:\/\/complicated.life\/blog\/de\/macht-und-kraft-der-gedanken\/"},"author":{"name":"Catrin Salberg-Keller","@id":"https:\/\/complicated.life\/blog\/de\/#\/schema\/person\/71639a1b70c9746b5b5f1c18b93c075e"},"headline":"Macht und Kraft der Gedanken","datePublished":"2025-08-14T09:57:00+00:00","mainEntityOfPage":{"@id":"https:\/\/complicated.life\/blog\/de\/macht-und-kraft-der-gedanken\/"},"wordCount":1134,"publisher":{"@id":"https:\/\/complicated.life\/blog\/de\/#organization"},"image":{"@id":"https:\/\/complicated.life\/blog\/de\/macht-und-kraft-der-gedanken\/#primaryimage"},"thumbnailUrl":"https:\/\/complicated.life\/blog\/wp-content\/uploads\/2025\/08\/woman-journaling-by-the-window-in-natural-light.jpg","keywords":["Depression","Psychotherapie"],"articleSection":["F\u00fcr alle","Therapieans\u00e4tze und Methoden"],"inLanguage":"de"},{"@type":"WebPage","@id":"https:\/\/complicated.life\/blog\/de\/macht-und-kraft-der-gedanken\/","url":"https:\/\/complicated.life\/blog\/de\/macht-und-kraft-der-gedanken\/","name":"Macht und Kraft der Gedanken - It&#039;s Complicated","isPartOf":{"@id":"https:\/\/complicated.life\/blog\/de\/#website"},"primaryImageOfPage":{"@id":"https:\/\/complicated.life\/blog\/de\/macht-und-kraft-der-gedanken\/#primaryimage"},"image":{"@id":"https:\/\/complicated.life\/blog\/de\/macht-und-kraft-der-gedanken\/#primaryimage"},"thumbnailUrl":"https:\/\/complicated.life\/blog\/wp-content\/uploads\/2025\/08\/woman-journaling-by-the-window-in-natural-light.jpg","datePublished":"2025-08-14T09:57:00+00:00","description":"Wie sich Gedanken auf unsere Gef\u00fchle, unser Verhalten und unsere Lebensenergie auswirken.","breadcrumb":{"@id":"https:\/\/complicated.life\/blog\/de\/macht-und-kraft-der-gedanken\/#breadcrumb"},"inLanguage":"de","potentialAction":[{"@type":"ReadAction","target":["https:\/\/complicated.life\/blog\/de\/macht-und-kraft-der-gedanken\/"]}]},{"@type":"ImageObject","inLanguage":"de","@id":"https:\/\/complicated.life\/blog\/de\/macht-und-kraft-der-gedanken\/#primaryimage","url":"https:\/\/complicated.life\/blog\/wp-content\/uploads\/2025\/08\/woman-journaling-by-the-window-in-natural-light.jpg","contentUrl":"https:\/\/complicated.life\/blog\/wp-content\/uploads\/2025\/08\/woman-journaling-by-the-window-in-natural-light.jpg","width":1280,"height":853,"caption":"Woman Journaling by the Window in Natural Light"},{"@type":"BreadcrumbList","@id":"https:\/\/complicated.life\/blog\/de\/macht-und-kraft-der-gedanken\/#breadcrumb","itemListElement":[{"@type":"ListItem","position":1,"name":"Home","item":"https:\/\/complicated.life\/blog\/de\/"},{"@type":"ListItem","position":2,"name":"Macht und Kraft der Gedanken"}]},{"@type":"WebSite","@id":"https:\/\/complicated.life\/blog\/de\/#website","url":"https:\/\/complicated.life\/blog\/de\/","name":"It's Complicated","description":"Life is complicated. Finding a therapist shouldn&#039;t be.","publisher":{"@id":"https:\/\/complicated.life\/blog\/de\/#organization"},"potentialAction":[{"@type":"SearchAction","target":{"@type":"EntryPoint","urlTemplate":"https:\/\/complicated.life\/blog\/de\/?s={search_term_string}"},"query-input":{"@type":"PropertyValueSpecification","valueRequired":true,"valueName":"search_term_string"}}],"inLanguage":"de"},{"@type":"Organization","@id":"https:\/\/complicated.life\/blog\/de\/#organization","name":"It's Complicated","url":"https:\/\/complicated.life\/blog\/de\/","logo":{"@type":"ImageObject","inLanguage":"de","@id":"https:\/\/complicated.life\/blog\/de\/#\/schema\/logo\/image\/","url":"https:\/\/complicated.life\/blog\/wp-content\/uploads\/2023\/09\/tilted_d_square_green.png","contentUrl":"https:\/\/complicated.life\/blog\/wp-content\/uploads\/2023\/09\/tilted_d_square_green.png","width":500,"height":500,"caption":"It's Complicated"},"image":{"@id":"https:\/\/complicated.life\/blog\/de\/#\/schema\/logo\/image\/"},"sameAs":["https:\/\/www.instagram.com\/complicated___life\/","https:\/\/www.linkedin.com\/company\/its-complicated"]},{"@type":"Person","@id":"https:\/\/complicated.life\/blog\/de\/#\/schema\/person\/71639a1b70c9746b5b5f1c18b93c075e","name":"Catrin Salberg-Keller","sameAs":["https:\/\/tinyurl.com\/sw349ccp"],"url":"https:\/\/complicated.life\/blog\/de\/author\/catrin-salberg-keller\/"}]}},"featured_image_url":"https:\/\/complicated.life\/blog\/wp-content\/uploads\/2025\/08\/woman-journaling-by-the-window-in-natural-light-1024x682.jpg","_links":{"self":[{"href":"https:\/\/complicated.life\/blog\/de\/wp-json\/wp\/v2\/posts\/5184","targetHints":{"allow":["GET"]}}],"collection":[{"href":"https:\/\/complicated.life\/blog\/de\/wp-json\/wp\/v2\/posts"}],"about":[{"href":"https:\/\/complicated.life\/blog\/de\/wp-json\/wp\/v2\/types\/post"}],"author":[{"embeddable":true,"href":"https:\/\/complicated.life\/blog\/de\/wp-json\/wp\/v2\/users\/96"}],"replies":[{"embeddable":true,"href":"https:\/\/complicated.life\/blog\/de\/wp-json\/wp\/v2\/comments?post=5184"}],"version-history":[{"count":3,"href":"https:\/\/complicated.life\/blog\/de\/wp-json\/wp\/v2\/posts\/5184\/revisions"}],"predecessor-version":[{"id":5189,"href":"https:\/\/complicated.life\/blog\/de\/wp-json\/wp\/v2\/posts\/5184\/revisions\/5189"}],"wp:featuredmedia":[{"embeddable":true,"href":"https:\/\/complicated.life\/blog\/de\/wp-json\/wp\/v2\/media\/5186"}],"wp:attachment":[{"href":"https:\/\/complicated.life\/blog\/de\/wp-json\/wp\/v2\/media?parent=5184"}],"wp:term":[{"taxonomy":"category","embeddable":true,"href":"https:\/\/complicated.life\/blog\/de\/wp-json\/wp\/v2\/categories?post=5184"},{"taxonomy":"post_tag","embeddable":true,"href":"https:\/\/complicated.life\/blog\/de\/wp-json\/wp\/v2\/tags?post=5184"}],"curies":[{"name":"wp","href":"https:\/\/api.w.org\/{rel}","templated":true}]}}